{"id":17739,"date":"2025-01-30T17:30:21","date_gmt":"2025-01-30T15:30:21","guid":{"rendered":"https:\/\/noxit.io\/?p=17739"},"modified":"2025-01-31T09:07:45","modified_gmt":"2025-01-31T07:07:45","slug":"malstyring-og-bedriftsutvikling-podcast","status":"publish","type":"post","link":"https:\/\/noxit.io\/no\/malstyring-og-bedriftsutvikling-podcast\/","title":{"rendered":"Linnea Bolter, reporter fra Dagens Industri om hennes karriere og m\u00e5l i n\u00e6ringslivet"},"content":{"rendered":"\n<p><\/p>\n\n\n\n<figure class=\"wp-block-embed is-type-rich is-provider-spotify wp-block-embed-spotify\"><div class=\"wp-block-embed__wrapper\">\n<iframe title=\"Spotify Embed: 91. Linnea Bolter reporter fr\u00e5n Dagens Industri om hennes karri\u00e4r och m\u00e5l i n\u00e4ringslivet\" style=\"border-radius: 12px\" width=\"100%\" height=\"152\" frameborder=\"0\" allowfullscreen allow=\"autoplay; clipboard-write; encrypted-media; fullscreen; picture-in-picture\" loading=\"lazy\" src=\"https:\/\/open.spotify.com\/embed\/episode\/4OJrurxZbdt1ku3NLTJJMf?si=VwwTZJ7nSoi1epy-8akOhA&#038;utm_source=oembed\"><\/iframe>\n<\/div><\/figure>\n\n\n\n<p><\/p>\n\n\n\n<h2 class=\"wp-block-heading\"><strong>Varmt velkommen, Linnea Bolter!<\/strong>&nbsp;<\/h2>\n\n\n\n<p>Stort takk! Veldig g\u00f8y \u00e5 v\u00e6re her.<br><\/p>\n\n\n\n<h2 class=\"wp-block-heading\"><strong>Du jobber som reporter i Dagens Industri. Kan du fortelle litt om karrierereisen din og hva du gj\u00f8r til daglig?<\/strong><\/h2>\n\n\n\n<p><strong><br><\/strong>Jeg har v\u00e6rt i Dagens Industri i snart sju \u00e5r n\u00e5 \u2013 i april blir det jubileum. Jeg jobber p\u00e5 nyhetsredaksjonen som reporter, og de siste to \u00e5rene har jeg ogs\u00e5 v\u00e6rt moderator for v\u00e5re arrangementer, som DI Gasell og &laquo;N\u00e6ringslivets mektigste kvinne&raquo;.<br>F\u00f8r jeg begynte i DI, frilanset jeg i flere \u00e5r og jobbet ogs\u00e5 som kommunikat\u00f8r. Men jeg inns\u00e5 at jeg heller ville v\u00e6re den som skriver selv, enn \u00e5 jobbe med \u00e5 formidle andres budskap. For meg er journalistikken mye mer stimulerende.<\/p>\n\n\n\n<h2 class=\"wp-block-heading\"><strong>Hva synes du er morsomst med jobben din?<\/strong><\/h2>\n\n\n\n<p><strong><br><\/strong>Det er virkelig en variert arbeidsdag, spesielt n\u00e5 n\u00e5r jeg har en rolle der jeg st\u00e5r p\u00e5 scenen og intervjuer folk. Det gir meg muligheten til \u00e5 komme ut av boksen og ta plass p\u00e5 en annen m\u00e5te enn n\u00e5r jeg gj\u00f8r vanlige intervjuer.<br>Det aller morsomste er \u00e5 m\u00f8te alle mennesker og snakke med bedriftsledere, samt personer innen politikk eller offentlige etater. Jeg synes det er fantastisk \u00e5 kunne stille de sp\u00f8rsm\u00e5lene jeg \u00f8nsker. Det er noe jeg virkelig liker. At jeg skiftet karriere til journalist var ogs\u00e5 en del av barndomsdr\u00f8mmen min. Jeg ville bli journalist allerede som liten, s\u00e5 det f\u00f8les veldig bra at jeg n\u00e5 lever den dr\u00f8mmen.<\/p>\n\n\n\n<h2 class=\"wp-block-heading\"><strong>Og hva synes du om \u00e5 stille sp\u00f8rsm\u00e5l til n\u00e6ringslivet? Er det lett \u00e5 stille alle sp\u00f8rsm\u00e5lene du \u00f8nsker?<\/strong><\/h2>\n\n\n\n<p><strong><br><\/strong>I begynnelsen var jeg redd for \u00e5 stille &laquo;dumme&raquo; sp\u00f8rsm\u00e5l, fordi man \u00f8nsker \u00e5 virke smart og kunnskapsrik. Men man l\u00e6rer at de s\u00e5kalte &laquo;dumme&raquo; sp\u00f8rsm\u00e5lene ofte ikke er s\u00e5 dumme, men faktisk de viktigste for \u00e5 virkelig forst\u00e5.<br>Det som kan v\u00e6re vanskelig, er \u00e5 stille ubehagelige sp\u00f8rsm\u00e5l. N\u00e5r man trenger \u00e5 sette noen p\u00e5 plass eller f\u00e5 noen til \u00e5 svare p\u00e5 noe vanskelig, kan det bli ubehagelig for b\u00e5de intervjueren og den som blir intervjuet. Det er noe jeg har l\u00e6rt \u00e5 h\u00e5ndtere, selv om det fortsatt kan v\u00e6re t\u00f8ft.<\/p>\n\n\n\n<h2 class=\"wp-block-heading\"><strong>Hva er det mest ubehagelige sp\u00f8rsm\u00e5let du har stilt?<\/strong><\/h2>\n\n\n\n<p>Det kan v\u00e6re sp\u00f8rsm\u00e5l om uregelmessigheter eller n\u00e5r jeg vet at en leder har tatt kontroversielle beslutninger. For eksempel, n\u00e5r man har intervjuet andre som har ulike meninger om en bedriftsleder og man m\u00e5 stille vanskelige sp\u00f8rsm\u00e5l om det. Det kan skape en ubehagelig situasjon for b\u00e5de meg og den jeg intervjuer.<\/p>\n\n\n\n<h2 class=\"wp-block-heading\"><strong>Og hva er forholdet ditt til m\u00e5l?<\/strong><\/h2>\n\n\n\n<p>Som frilanser begynte jeg \u00e5 sette m\u00e5l allerede da jeg startet min journalistkarriere. Jeg ville skrive for de store avisene, s\u00e5 jeg satte m\u00e5l for \u00e5 f\u00e5 oppdrag fra for eksempel Dagens Nyheter. Jeg satte b\u00e5de prestasjonsm\u00e5l og \u00f8konomiske m\u00e5l for \u00e5 utvikle meg. N\u00e5r jeg ble ansatt i Dagens Industri har jeg fortsatt \u00e5 sette m\u00e5l for meg selv og i samarbeid med sjefen min. Det handler blant annet om \u00e5 utvide nettverket, gj\u00f8re flere oppdrag og skape egne nyheter.<\/p>\n\n\n\n<h2 class=\"wp-block-heading\"><strong>Journalister pleier jo noen ganger \u00e5 tenke p\u00e5 kvantitet som et m\u00e5l, med klikk og s\u00e5 videre. Hva synes du om det?<\/strong><\/h2>\n\n\n\n<p><strong><br><\/strong>Det er viktig at folk leser det vi skriver, men personlig g\u00e5r jeg ikke helt i gang med tallene p\u00e5 samme m\u00e5te som andre. For meg handler det mer om \u00e5 lage god journalistikk som n\u00e5r ut til de rette menneskene. De kvantitative m\u00e5lene, som klikk og abonnementer, er viktige, men jeg tror det m\u00e5 finnes en balanse mellom kvantitet og kvalitet.<\/p>\n\n\n\n<h2 class=\"wp-block-heading\"><strong>Hva synes du om balansen mellom kvalitet og kvantitet?<\/strong><\/h2>\n\n\n\n<p><strong><br><\/strong>Kvalitet er virkelig en grunnleggende del av alt vi publiserer. Men kvantitative m\u00e5l er ogs\u00e5 viktige for \u00e5 kunne f\u00f8lge opp og se om det vi gj\u00f8r n\u00e5r frem. Personlig mener jeg at man ikke alltid trenger \u00e5 m\u00e5le kvalitet n\u00f8yaktig. Noen ganger handler det om en f\u00f8lelse for hva som er bra, og engasjementet fra leserne er et godt m\u00e5l p\u00e5 det.<\/p>\n\n\n\n<h2 class=\"wp-block-heading\"><strong>Hvordan ser du p\u00e5 n\u00e6ringslivets evne til \u00e5 sette m\u00e5l?<\/strong><\/h2>\n\n\n\n<p><strong><br><\/strong>Mange suksessfulle bedrifter og deres ledere har visjon\u00e6re m\u00e5l. Et eksempel er Lyko, som har som m\u00e5l \u00e5 omsette ti milliarder innen 2028. Det er et m\u00e5l som ikke bare handler om tall, men ogs\u00e5 om \u00e5 skape en langsiktig visjon. Jeg tror visjon\u00e6re m\u00e5l er veldig viktige for bedrifter som \u00f8nsker \u00e5 vokse og lykkes.<\/p>\n\n\n\n<h2 class=\"wp-block-heading\"><strong>N\u00e5r du snakker med bedrifter, f\u00f8lger du opp deres m\u00e5l?<\/strong><\/h2>\n\n\n\n<p><strong><br><\/strong>Det hender at vi gj\u00f8r oppf\u00f8lgninger, selv om vi ikke alltid sp\u00f8r direkte om deres m\u00e5l. Noen ganger ser vi at bedrifter har snakket om store visjoner og m\u00e5l, og hvis vi senere merker at de ikke har n\u00e5dd dit, er det en form for oppf\u00f8lging. Det handler om \u00e5 f\u00f8lge reisen deres og se hvordan det g\u00e5r.<\/p>\n\n\n\n<h2 class=\"wp-block-heading\"><strong>Hva tror du gj\u00f8r at noen bedrifter lykkes bedre enn andre?<\/strong><\/h2>\n\n\n\n<p><strong><br><\/strong>En stor faktor er evnen til \u00e5 tiltrekke og beholde talent. De bedriftslederne jeg har snakket med sier at det er utrolig viktig \u00e5 ha en klar visjon om hvor bedriften er p\u00e5 vei, og ikke stirre seg blind p\u00e5 konkurrentene. Suksessfulle bedrifter har en evne til \u00e5 tenke fremover og finne de rette menneskene \u00e5 jobbe med.<\/p>\n\n\n\n<h2 class=\"wp-block-heading\"><strong>Hva er forholdet ditt til n\u00e6ringslivet som journalist?<\/strong><\/h2>\n\n\n\n<p>Det er virkelig et symbiotisk forhold. I Dagens Industri er vi b\u00e5de kritiske og rapporterende. Vi skriver om bedrifter som vi noen ganger b\u00e5de hyller og kritiserer. Jeg tror en journalist aldri skal bli for venn med sine kilder, men vi m\u00e5 likevel ha gjensidig tillit for \u00e5 kunne gj\u00f8re jobben v\u00e5r p\u00e5 best mulig m\u00e5te.<\/p>\n\n\n\n<h2 class=\"wp-block-heading\"><strong>Hva ser du som fremtidige trender i n\u00e6ringslivet?<\/strong><\/h2>\n\n\n\n<p>Mange eksperter peker p\u00e5 at vi vil se en vending i \u00f8konomien rundt 2025-2026, selv om det fortsatt er usikkert. Vi f\u00e5r h\u00e5pe at det blir bedre, men vi vet at det er mye som p\u00e5virker. Hvis de st\u00f8rste \u00f8konomiene i Europa kommer seg, kan det hjelpe hele markedet.<\/p>\n\n\n\n<h2 class=\"wp-block-heading\"><strong>Tror du at bedrifter kunne gjort noe annerledes for \u00e5 unng\u00e5 konkurs?<\/strong><\/h2>\n\n\n\n<p><strong><br><\/strong>Mange bedrifter som har g\u00e5tt konkurs har hatt store gjeld fra pandemist\u00f8tte, noe som har gjort det vanskeligere for dem \u00e5 komme seg n\u00e5r rentene er \u00f8kt og skatt skal betales tilbake. Det er vanskelig \u00e5 si n\u00f8yaktig hva som kunne v\u00e6rt gjort annerledes, men det er klart at mange har hatt det t\u00f8ft med de store kostnads\u00f8kningene.<\/p>\n\n\n\n<h2 class=\"wp-block-heading\"><strong>Til slutt, har du noen private m\u00e5l?<\/strong><\/h2>\n\n\n\n<p><strong><br><\/strong>Jeg har et ganske pinlig m\u00e5l som jeg fortsatt jobber med \u2013 \u00e5 bli komfortabel med \u00e5 kj\u00f8re bil. Jeg tok f\u00f8rerkort sent, ved 35 \u00e5rs alder, og det har v\u00e6rt en stor utfordring for meg. Men det er et m\u00e5l som jeg fortsetter \u00e5 jobbe mot. Jeg har ogs\u00e5 et m\u00e5l om \u00e5 bli flytende i fransk, som jeg \u00f8ver p\u00e5 med Duolingo hver dag. Og s\u00e5 sparer jeg ogs\u00e5 regelmessig for \u00e5 n\u00e5 mine \u00f8konomiske m\u00e5l.<\/p>\n\n\n\n<h2 class=\"wp-block-heading\"><strong>Tusen takk, Linnea!<\/strong><\/h2>\n","protected":false},"excerpt":{"rendered":"<p>Varmt velkommen, Linnea Bolter!&nbsp; Stort takk! Veldig g\u00f8y \u00e5 v\u00e6re her. Du jobber som reporter i Dagens Industri. Kan du fortelle litt om karrierereisen din og hva du gj\u00f8r til daglig? Jeg har v\u00e6rt i Dagens Industri i snart sju \u00e5r n\u00e5 \u2013 i april blir det jubileum. Jeg jobber p\u00e5 nyhetsredaksjonen som reporter, og [&hellip;]<\/p>\n","protected":false},"author":3,"featured_media":17715,"comment_status":"open","ping_status":"open","sticky":false,"template":"","format":"standard","meta":{"footnotes":""},"categories":[135],"tags":[168,172],"class_list":["post-17739","post","type-post","status-publish","format-standard","has-post-thumbnail","hentry","category-podkast","tag-mal","tag-podkast"],"yoast_head":"<!-- This site is optimized with the Yoast SEO plugin v27.5 - https:\/\/yoast.com\/product\/yoast-seo-wordpress\/ -->\n<title>Linnea Bolter, reporter fra Dagens Industri om hennes karriere og m\u00e5l i n\u00e6ringslivet | Noxit<\/title>\n<meta name=\"description\" content=\"Linnea Bolter, reporter i Dagens Industri, deler innsikt om sin karrierereise, m\u00e5lsetting og n\u00e6ringslivets fremtid. Oppdag hennes tanker om journalistikk, lederskap og balansen mellom kvalitet og kvantitet i media.\" \/>\n<meta name=\"robots\" content=\"index, follow, max-snippet:-1, max-image-preview:large, max-video-preview:-1\" \/>\n<link rel=\"canonical\" href=\"https:\/\/noxit.io\/no\/malstyring-og-bedriftsutvikling-podcast\/\" \/>\n<meta property=\"og:locale\" content=\"nb_NO\" \/>\n<meta property=\"og:type\" content=\"article\" \/>\n<meta property=\"og:title\" content=\"Linnea Bolter, reporter fra Dagens Industri om hennes karriere og m\u00e5l i n\u00e6ringslivet | Noxit\" \/>\n<meta property=\"og:description\" content=\"Linnea Bolter, reporter i Dagens Industri, deler innsikt om sin karrierereise, m\u00e5lsetting og n\u00e6ringslivets fremtid. Oppdag hennes tanker om journalistikk, lederskap og balansen mellom kvalitet og kvantitet i media.\" \/>\n<meta property=\"og:url\" content=\"https:\/\/noxit.io\/no\/malstyring-og-bedriftsutvikling-podcast\/\" \/>\n<meta property=\"og:site_name\" content=\"Noxit\" \/>\n<meta property=\"article:publisher\" content=\"https:\/\/www.facebook.com\/noqx.io\" \/>\n<meta property=\"article:published_time\" content=\"2025-01-30T15:30:21+00:00\" \/>\n<meta property=\"article:modified_time\" content=\"2025-01-31T07:07:45+00:00\" \/>\n<meta property=\"og:image\" content=\"https:\/\/noxit.io\/wp-content\/uploads\/2025\/01\/Skarmavbild-2025-01-29-kl.-09.48.29.png\" \/>\n\t<meta property=\"og:image:width\" content=\"2118\" \/>\n\t<meta property=\"og:image:height\" content=\"1178\" \/>\n\t<meta property=\"og:image:type\" content=\"image\/png\" \/>\n<meta name=\"author\" content=\"Matilda\" \/>\n<meta name=\"twitter:card\" content=\"summary_large_image\" \/>\n<meta name=\"twitter:label1\" content=\"Skrevet av\" \/>\n\t<meta name=\"twitter:data1\" content=\"Matilda\" \/>\n\t<meta name=\"twitter:label2\" content=\"Ansl. lesetid\" \/>\n\t<meta name=\"twitter:data2\" content=\"5 minutter\" \/>\n<script type=\"application\/ld+json\" class=\"yoast-schema-graph\">{\"@context\":\"https:\\\/\\\/schema.org\",\"@graph\":[{\"@type\":\"Article\",\"@id\":\"https:\\\/\\\/noxit.io\\\/no\\\/malstyring-og-bedriftsutvikling-podcast\\\/#article\",\"isPartOf\":{\"@id\":\"https:\\\/\\\/noxit.io\\\/no\\\/malstyring-og-bedriftsutvikling-podcast\\\/\"},\"author\":{\"name\":\"Matilda\",\"@id\":\"https:\\\/\\\/noxit.io\\\/no\\\/#\\\/schema\\\/person\\\/8b28b3e93d3ea14afa615f1b355c1a35\"},\"headline\":\"Linnea Bolter, reporter fra Dagens Industri om hennes karriere og m\u00e5l i n\u00e6ringslivet\",\"datePublished\":\"2025-01-30T15:30:21+00:00\",\"dateModified\":\"2025-01-31T07:07:45+00:00\",\"mainEntityOfPage\":{\"@id\":\"https:\\\/\\\/noxit.io\\\/no\\\/malstyring-og-bedriftsutvikling-podcast\\\/\"},\"wordCount\":1238,\"commentCount\":0,\"publisher\":{\"@id\":\"https:\\\/\\\/noxit.io\\\/no\\\/#organization\"},\"image\":{\"@id\":\"https:\\\/\\\/noxit.io\\\/no\\\/malstyring-og-bedriftsutvikling-podcast\\\/#primaryimage\"},\"thumbnailUrl\":\"https:\\\/\\\/noxit.io\\\/wp-content\\\/uploads\\\/2025\\\/01\\\/Skarmavbild-2025-01-29-kl.-09.48.29.png\",\"keywords\":[\"m\u00e5l\",\"podkast\"],\"articleSection\":[\"Podkast\"],\"inLanguage\":\"nb-NO\",\"potentialAction\":[{\"@type\":\"CommentAction\",\"name\":\"Comment\",\"target\":[\"https:\\\/\\\/noxit.io\\\/no\\\/malstyring-og-bedriftsutvikling-podcast\\\/#respond\"]}]},{\"@type\":\"WebPage\",\"@id\":\"https:\\\/\\\/noxit.io\\\/no\\\/malstyring-og-bedriftsutvikling-podcast\\\/\",\"url\":\"https:\\\/\\\/noxit.io\\\/no\\\/malstyring-og-bedriftsutvikling-podcast\\\/\",\"name\":\"Linnea Bolter, reporter fra Dagens Industri om hennes karriere og m\u00e5l i n\u00e6ringslivet | Noxit\",\"isPartOf\":{\"@id\":\"https:\\\/\\\/noxit.io\\\/no\\\/#website\"},\"primaryImageOfPage\":{\"@id\":\"https:\\\/\\\/noxit.io\\\/no\\\/malstyring-og-bedriftsutvikling-podcast\\\/#primaryimage\"},\"image\":{\"@id\":\"https:\\\/\\\/noxit.io\\\/no\\\/malstyring-og-bedriftsutvikling-podcast\\\/#primaryimage\"},\"thumbnailUrl\":\"https:\\\/\\\/noxit.io\\\/wp-content\\\/uploads\\\/2025\\\/01\\\/Skarmavbild-2025-01-29-kl.-09.48.29.png\",\"datePublished\":\"2025-01-30T15:30:21+00:00\",\"dateModified\":\"2025-01-31T07:07:45+00:00\",\"description\":\"Linnea Bolter, reporter i Dagens Industri, deler innsikt om sin karrierereise, m\u00e5lsetting og n\u00e6ringslivets fremtid. Oppdag hennes tanker om journalistikk, lederskap og balansen mellom kvalitet og kvantitet i media.\",\"breadcrumb\":{\"@id\":\"https:\\\/\\\/noxit.io\\\/no\\\/malstyring-og-bedriftsutvikling-podcast\\\/#breadcrumb\"},\"inLanguage\":\"nb-NO\",\"potentialAction\":[{\"@type\":\"ReadAction\",\"target\":[\"https:\\\/\\\/noxit.io\\\/no\\\/malstyring-og-bedriftsutvikling-podcast\\\/\"]}]},{\"@type\":\"ImageObject\",\"inLanguage\":\"nb-NO\",\"@id\":\"https:\\\/\\\/noxit.io\\\/no\\\/malstyring-og-bedriftsutvikling-podcast\\\/#primaryimage\",\"url\":\"https:\\\/\\\/noxit.io\\\/wp-content\\\/uploads\\\/2025\\\/01\\\/Skarmavbild-2025-01-29-kl.-09.48.29.png\",\"contentUrl\":\"https:\\\/\\\/noxit.io\\\/wp-content\\\/uploads\\\/2025\\\/01\\\/Skarmavbild-2025-01-29-kl.-09.48.29.png\",\"width\":2118,\"height\":1178},{\"@type\":\"BreadcrumbList\",\"@id\":\"https:\\\/\\\/noxit.io\\\/no\\\/malstyring-og-bedriftsutvikling-podcast\\\/#breadcrumb\",\"itemListElement\":[{\"@type\":\"ListItem\",\"position\":1,\"name\":\"Home\",\"item\":\"https:\\\/\\\/noxit.io\\\/no\\\/\"},{\"@type\":\"ListItem\",\"position\":2,\"name\":\"Linnea Bolter, reporter fra Dagens Industri om hennes karriere og m\u00e5l i n\u00e6ringslivet\"}]},{\"@type\":\"WebSite\",\"@id\":\"https:\\\/\\\/noxit.io\\\/no\\\/#website\",\"url\":\"https:\\\/\\\/noxit.io\\\/no\\\/\",\"name\":\"Noxit\",\"description\":\"Noxit\",\"publisher\":{\"@id\":\"https:\\\/\\\/noxit.io\\\/no\\\/#organization\"},\"potentialAction\":[{\"@type\":\"SearchAction\",\"target\":{\"@type\":\"EntryPoint\",\"urlTemplate\":\"https:\\\/\\\/noxit.io\\\/no\\\/?s={search_term_string}\"},\"query-input\":{\"@type\":\"PropertyValueSpecification\",\"valueRequired\":true,\"valueName\":\"search_term_string\"}}],\"inLanguage\":\"nb-NO\"},{\"@type\":\"Organization\",\"@id\":\"https:\\\/\\\/noxit.io\\\/no\\\/#organization\",\"name\":\"Noxit\",\"url\":\"https:\\\/\\\/noxit.io\\\/no\\\/\",\"logo\":{\"@type\":\"ImageObject\",\"inLanguage\":\"nb-NO\",\"@id\":\"https:\\\/\\\/noxit.io\\\/no\\\/#\\\/schema\\\/logo\\\/image\\\/\",\"url\":\"https:\\\/\\\/noxit.io\\\/wp-content\\\/uploads\\\/2023\\\/02\\\/black-logo-1.svg\",\"contentUrl\":\"https:\\\/\\\/noxit.io\\\/wp-content\\\/uploads\\\/2023\\\/02\\\/black-logo-1.svg\",\"width\":714,\"height\":714,\"caption\":\"Noxit\"},\"image\":{\"@id\":\"https:\\\/\\\/noxit.io\\\/no\\\/#\\\/schema\\\/logo\\\/image\\\/\"},\"sameAs\":[\"https:\\\/\\\/www.facebook.com\\\/noqx.io\",\"https:\\\/\\\/www.instagram.com\\\/lifeatnoqx\\\/\",\"https:\\\/\\\/www.youtube.com\\\/@NOQX-Software\\\/videos\",\"https:\\\/\\\/www.linkedin.com\\\/company\\\/noqx\\\/\"]},{\"@type\":\"Person\",\"@id\":\"https:\\\/\\\/noxit.io\\\/no\\\/#\\\/schema\\\/person\\\/8b28b3e93d3ea14afa615f1b355c1a35\",\"name\":\"Matilda\",\"image\":{\"@type\":\"ImageObject\",\"inLanguage\":\"nb-NO\",\"@id\":\"https:\\\/\\\/secure.gravatar.com\\\/avatar\\\/7ad2269bb8e6f3a6e605e74d2b2bf63888df03339b07960f9a4513889e959f81?s=96&d=mm&r=g\",\"url\":\"https:\\\/\\\/secure.gravatar.com\\\/avatar\\\/7ad2269bb8e6f3a6e605e74d2b2bf63888df03339b07960f9a4513889e959f81?s=96&d=mm&r=g\",\"contentUrl\":\"https:\\\/\\\/secure.gravatar.com\\\/avatar\\\/7ad2269bb8e6f3a6e605e74d2b2bf63888df03339b07960f9a4513889e959f81?s=96&d=mm&r=g\",\"caption\":\"Matilda\"},\"description\":\"Founder &amp; Head of UX, Noxit\",\"url\":\"https:\\\/\\\/noxit.io\\\/no\\\/author\\\/matildalundsten\\\/\"}]}<\/script>\n<!-- \/ Yoast SEO plugin. -->","yoast_head_json":{"title":"Linnea Bolter, reporter fra Dagens Industri om hennes karriere og m\u00e5l i n\u00e6ringslivet | Noxit","description":"Linnea Bolter, reporter i Dagens Industri, deler innsikt om sin karrierereise, m\u00e5lsetting og n\u00e6ringslivets fremtid. Oppdag hennes tanker om journalistikk, lederskap og balansen mellom kvalitet og kvantitet i media.","robots":{"index":"index","follow":"follow","max-snippet":"max-snippet:-1","max-image-preview":"max-image-preview:large","max-video-preview":"max-video-preview:-1"},"canonical":"https:\/\/noxit.io\/no\/malstyring-og-bedriftsutvikling-podcast\/","og_locale":"nb_NO","og_type":"article","og_title":"Linnea Bolter, reporter fra Dagens Industri om hennes karriere og m\u00e5l i n\u00e6ringslivet | Noxit","og_description":"Linnea Bolter, reporter i Dagens Industri, deler innsikt om sin karrierereise, m\u00e5lsetting og n\u00e6ringslivets fremtid. Oppdag hennes tanker om journalistikk, lederskap og balansen mellom kvalitet og kvantitet i media.","og_url":"https:\/\/noxit.io\/no\/malstyring-og-bedriftsutvikling-podcast\/","og_site_name":"Noxit","article_publisher":"https:\/\/www.facebook.com\/noqx.io","article_published_time":"2025-01-30T15:30:21+00:00","article_modified_time":"2025-01-31T07:07:45+00:00","og_image":[{"width":2118,"height":1178,"url":"https:\/\/noxit.io\/wp-content\/uploads\/2025\/01\/Skarmavbild-2025-01-29-kl.-09.48.29.png","type":"image\/png"}],"author":"Matilda","twitter_card":"summary_large_image","twitter_misc":{"Skrevet av":"Matilda","Ansl. lesetid":"5 minutter"},"schema":{"@context":"https:\/\/schema.org","@graph":[{"@type":"Article","@id":"https:\/\/noxit.io\/no\/malstyring-og-bedriftsutvikling-podcast\/#article","isPartOf":{"@id":"https:\/\/noxit.io\/no\/malstyring-og-bedriftsutvikling-podcast\/"},"author":{"name":"Matilda","@id":"https:\/\/noxit.io\/no\/#\/schema\/person\/8b28b3e93d3ea14afa615f1b355c1a35"},"headline":"Linnea Bolter, reporter fra Dagens Industri om hennes karriere og m\u00e5l i n\u00e6ringslivet","datePublished":"2025-01-30T15:30:21+00:00","dateModified":"2025-01-31T07:07:45+00:00","mainEntityOfPage":{"@id":"https:\/\/noxit.io\/no\/malstyring-og-bedriftsutvikling-podcast\/"},"wordCount":1238,"commentCount":0,"publisher":{"@id":"https:\/\/noxit.io\/no\/#organization"},"image":{"@id":"https:\/\/noxit.io\/no\/malstyring-og-bedriftsutvikling-podcast\/#primaryimage"},"thumbnailUrl":"https:\/\/noxit.io\/wp-content\/uploads\/2025\/01\/Skarmavbild-2025-01-29-kl.-09.48.29.png","keywords":["m\u00e5l","podkast"],"articleSection":["Podkast"],"inLanguage":"nb-NO","potentialAction":[{"@type":"CommentAction","name":"Comment","target":["https:\/\/noxit.io\/no\/malstyring-og-bedriftsutvikling-podcast\/#respond"]}]},{"@type":"WebPage","@id":"https:\/\/noxit.io\/no\/malstyring-og-bedriftsutvikling-podcast\/","url":"https:\/\/noxit.io\/no\/malstyring-og-bedriftsutvikling-podcast\/","name":"Linnea Bolter, reporter fra Dagens Industri om hennes karriere og m\u00e5l i n\u00e6ringslivet | Noxit","isPartOf":{"@id":"https:\/\/noxit.io\/no\/#website"},"primaryImageOfPage":{"@id":"https:\/\/noxit.io\/no\/malstyring-og-bedriftsutvikling-podcast\/#primaryimage"},"image":{"@id":"https:\/\/noxit.io\/no\/malstyring-og-bedriftsutvikling-podcast\/#primaryimage"},"thumbnailUrl":"https:\/\/noxit.io\/wp-content\/uploads\/2025\/01\/Skarmavbild-2025-01-29-kl.-09.48.29.png","datePublished":"2025-01-30T15:30:21+00:00","dateModified":"2025-01-31T07:07:45+00:00","description":"Linnea Bolter, reporter i Dagens Industri, deler innsikt om sin karrierereise, m\u00e5lsetting og n\u00e6ringslivets fremtid. Oppdag hennes tanker om journalistikk, lederskap og balansen mellom kvalitet og kvantitet i media.","breadcrumb":{"@id":"https:\/\/noxit.io\/no\/malstyring-og-bedriftsutvikling-podcast\/#breadcrumb"},"inLanguage":"nb-NO","potentialAction":[{"@type":"ReadAction","target":["https:\/\/noxit.io\/no\/malstyring-og-bedriftsutvikling-podcast\/"]}]},{"@type":"ImageObject","inLanguage":"nb-NO","@id":"https:\/\/noxit.io\/no\/malstyring-og-bedriftsutvikling-podcast\/#primaryimage","url":"https:\/\/noxit.io\/wp-content\/uploads\/2025\/01\/Skarmavbild-2025-01-29-kl.-09.48.29.png","contentUrl":"https:\/\/noxit.io\/wp-content\/uploads\/2025\/01\/Skarmavbild-2025-01-29-kl.-09.48.29.png","width":2118,"height":1178},{"@type":"BreadcrumbList","@id":"https:\/\/noxit.io\/no\/malstyring-og-bedriftsutvikling-podcast\/#breadcrumb","itemListElement":[{"@type":"ListItem","position":1,"name":"Home","item":"https:\/\/noxit.io\/no\/"},{"@type":"ListItem","position":2,"name":"Linnea Bolter, reporter fra Dagens Industri om hennes karriere og m\u00e5l i n\u00e6ringslivet"}]},{"@type":"WebSite","@id":"https:\/\/noxit.io\/no\/#website","url":"https:\/\/noxit.io\/no\/","name":"Noxit","description":"Noxit","publisher":{"@id":"https:\/\/noxit.io\/no\/#organization"},"potentialAction":[{"@type":"SearchAction","target":{"@type":"EntryPoint","urlTemplate":"https:\/\/noxit.io\/no\/?s={search_term_string}"},"query-input":{"@type":"PropertyValueSpecification","valueRequired":true,"valueName":"search_term_string"}}],"inLanguage":"nb-NO"},{"@type":"Organization","@id":"https:\/\/noxit.io\/no\/#organization","name":"Noxit","url":"https:\/\/noxit.io\/no\/","logo":{"@type":"ImageObject","inLanguage":"nb-NO","@id":"https:\/\/noxit.io\/no\/#\/schema\/logo\/image\/","url":"https:\/\/noxit.io\/wp-content\/uploads\/2023\/02\/black-logo-1.svg","contentUrl":"https:\/\/noxit.io\/wp-content\/uploads\/2023\/02\/black-logo-1.svg","width":714,"height":714,"caption":"Noxit"},"image":{"@id":"https:\/\/noxit.io\/no\/#\/schema\/logo\/image\/"},"sameAs":["https:\/\/www.facebook.com\/noqx.io","https:\/\/www.instagram.com\/lifeatnoqx\/","https:\/\/www.youtube.com\/@NOQX-Software\/videos","https:\/\/www.linkedin.com\/company\/noqx\/"]},{"@type":"Person","@id":"https:\/\/noxit.io\/no\/#\/schema\/person\/8b28b3e93d3ea14afa615f1b355c1a35","name":"Matilda","image":{"@type":"ImageObject","inLanguage":"nb-NO","@id":"https:\/\/secure.gravatar.com\/avatar\/7ad2269bb8e6f3a6e605e74d2b2bf63888df03339b07960f9a4513889e959f81?s=96&d=mm&r=g","url":"https:\/\/secure.gravatar.com\/avatar\/7ad2269bb8e6f3a6e605e74d2b2bf63888df03339b07960f9a4513889e959f81?s=96&d=mm&r=g","contentUrl":"https:\/\/secure.gravatar.com\/avatar\/7ad2269bb8e6f3a6e605e74d2b2bf63888df03339b07960f9a4513889e959f81?s=96&d=mm&r=g","caption":"Matilda"},"description":"Founder &amp; Head of UX, Noxit","url":"https:\/\/noxit.io\/no\/author\/matildalundsten\/"}]}},"_links":{"self":[{"href":"https:\/\/noxit.io\/no\/wp-json\/wp\/v2\/posts\/17739","targetHints":{"allow":["GET"]}}],"collection":[{"href":"https:\/\/noxit.io\/no\/wp-json\/wp\/v2\/posts"}],"about":[{"href":"https:\/\/noxit.io\/no\/wp-json\/wp\/v2\/types\/post"}],"author":[{"embeddable":true,"href":"https:\/\/noxit.io\/no\/wp-json\/wp\/v2\/users\/3"}],"replies":[{"embeddable":true,"href":"https:\/\/noxit.io\/no\/wp-json\/wp\/v2\/comments?post=17739"}],"version-history":[{"count":0,"href":"https:\/\/noxit.io\/no\/wp-json\/wp\/v2\/posts\/17739\/revisions"}],"wp:featuredmedia":[{"embeddable":true,"href":"https:\/\/noxit.io\/no\/wp-json\/wp\/v2\/media\/17715"}],"wp:attachment":[{"href":"https:\/\/noxit.io\/no\/wp-json\/wp\/v2\/media?parent=17739"}],"wp:term":[{"taxonomy":"category","embeddable":true,"href":"https:\/\/noxit.io\/no\/wp-json\/wp\/v2\/categories?post=17739"},{"taxonomy":"post_tag","embeddable":true,"href":"https:\/\/noxit.io\/no\/wp-json\/wp\/v2\/tags?post=17739"}],"curies":[{"name":"wp","href":"https:\/\/api.w.org\/{rel}","templated":true}]}}